{"id":1138,"date":"2018-07-10T11:15:38","date_gmt":"2018-07-10T11:15:38","guid":{"rendered":"https:\/\/bsf-ag.ch\/?p=1138"},"modified":"2022-07-12T11:16:00","modified_gmt":"2022-07-12T11:16:00","slug":"technologie-symposium-sommerferien","status":"publish","type":"post","link":"https:\/\/bsf-ag.ch\/fr\/technologie-symposium-sommerferien\/","title":{"rendered":"Symposium technologique &amp; vacances d'\u00e9t\u00e9"},"content":{"rendered":"<h1><span style=\"font-size: 16px;\">Chers partenaires commerciaux<\/span><\/h1>\n<div id=\"text\">\n<p>Le 24 ao\u00fbt 2018, les halles de l'Olma \u00e0 Saint-Gall ouvriront \u00e0 nouveau leurs portes pour le symposium technologique annuel.<br \/>\nUn conf\u00e9rencier piratera en direct des syst\u00e8mes pr\u00e9tendument s\u00fbrs et St\u00e4ubli, Thyssen Krupp et de nombreux autres praticiens assureront des conf\u00e9rences vari\u00e9es.<\/p>\n<p>Ne manquez pas ce m\u00e9lange entre conf\u00e9rences, salon de table (avec la participation de BSF B\u00fcnter AG), r\u00e9seautage et d\u00e9licieux repas !<br \/>\n<a href=\"http:\/\/www.technologiesymposium.ch\/?utm_source=Newsletter_Juli_2018&amp;utm_medium=E%2DMail&amp;utm_term=Technologie%2DSymposium&amp;utm_campaign=Newsletter_Juli_2018\" target=\"_blank\" rel=\"noopener\">Cliquez ici pour plus d'informations et pour vous inscrire en ligne.<\/a><\/p>\n<p>-<\/p>\n<p>Du 23 juillet au 3 ao\u00fbt 2018, BSF B\u00fcnter AG sera en vacances d'\u00e9t\u00e9 bien m\u00e9rit\u00e9es. Apr\u00e8s cela, nous serons de nouveau \u00e0 votre disposition avec notre force habituelle.<\/p>\n<\/div>","protected":false},"excerpt":{"rendered":"<p>Sehr geehrte Gesch\u00e4ftspartner Am 24. August 2018\u00a0ist es wieder soweit: Die Olma-Hallen in St. Gallen\u00a0\u00f6ffnen ihre Tore f\u00fcr das allj\u00e4hrliche Technologie-Symposium. Ein Referent wird sich live in vermeintlich sichere Systeme hacken und St\u00e4ubli, Thyssen Krupp und viele weitere Praktiker sorgen f\u00fcr abwechslungsreiche Vortr\u00e4ge. Diese Mischung zwischen Referaten, Tischmesse (mit Beteiligung der BSF B\u00fcnter AG), Networking [&hellip;]<\/p>\n","protected":false},"author":1,"featured_media":1139,"comment_status":"closed","ping_status":"open","sticky":false,"template":"","format":"standard","meta":{"inline_featured_image":false,"footnotes":""},"categories":[1],"tags":[],"class_list":["post-1138","post","type-post","status-publish","format-standard","has-post-thumbnail","hentry","category-allgemein"],"aioseo_notices":[],"_links":{"self":[{"href":"https:\/\/bsf-ag.ch\/fr\/wp-json\/wp\/v2\/posts\/1138","targetHints":{"allow":["GET"]}}],"collection":[{"href":"https:\/\/bsf-ag.ch\/fr\/wp-json\/wp\/v2\/posts"}],"about":[{"href":"https:\/\/bsf-ag.ch\/fr\/wp-json\/wp\/v2\/types\/post"}],"author":[{"embeddable":true,"href":"https:\/\/bsf-ag.ch\/fr\/wp-json\/wp\/v2\/users\/1"}],"replies":[{"embeddable":true,"href":"https:\/\/bsf-ag.ch\/fr\/wp-json\/wp\/v2\/comments?post=1138"}],"version-history":[{"count":1,"href":"https:\/\/bsf-ag.ch\/fr\/wp-json\/wp\/v2\/posts\/1138\/revisions"}],"predecessor-version":[{"id":1140,"href":"https:\/\/bsf-ag.ch\/fr\/wp-json\/wp\/v2\/posts\/1138\/revisions\/1140"}],"wp:featuredmedia":[{"embeddable":true,"href":"https:\/\/bsf-ag.ch\/fr\/wp-json\/wp\/v2\/media\/1139"}],"wp:attachment":[{"href":"https:\/\/bsf-ag.ch\/fr\/wp-json\/wp\/v2\/media?parent=1138"}],"wp:term":[{"taxonomy":"category","embeddable":true,"href":"https:\/\/bsf-ag.ch\/fr\/wp-json\/wp\/v2\/categories?post=1138"},{"taxonomy":"post_tag","embeddable":true,"href":"https:\/\/bsf-ag.ch\/fr\/wp-json\/wp\/v2\/tags?post=1138"}],"curies":[{"name":"wp","href":"https:\/\/api.w.org\/{rel}","templated":true}]}}