{"id":1108,"date":"2019-04-29T09:54:34","date_gmt":"2019-04-29T09:54:34","guid":{"rendered":"https:\/\/bsf-ag.ch\/?p=1108"},"modified":"2022-09-15T17:01:50","modified_gmt":"2022-09-15T15:01:50","slug":"neuer-swissmechanic-sektions-praesident-kurt-graber","status":"publish","type":"post","link":"https:\/\/bsf-ag.ch\/fr\/neuer-swissmechanic-sektions-praesident-kurt-graber\/","title":{"rendered":"Nouveau pr\u00e9sident de la section Swissmechanic : Kurt Graber"},"content":{"rendered":"<p><span style=\"font-size: 16px;\">Chers partenaires commerciaux<\/span><\/p>\n<div id=\"text\">\n<p>Vendredi dernier, la section Swissmechanic de Saint-Gall - Appenzell a \u00e9lu un nouveau pr\u00e9sident. Kurt Graber, propri\u00e9taire et directeur de BSF B\u00fcnter AG, a accept\u00e9 le poste et s'impliquera donc encore plus \u00e0 l'avenir dans la formation des jeunes. En effet, ce n'est que si chacun apporte sa contribution que nous pourrons agir ensemble contre la p\u00e9nurie de main-d'\u0153uvre qualifi\u00e9e dans le secteur industriel.<\/p>\n<p>&nbsp;<\/p>\n<p>Du 14 au 17 mai 2019, nous serons de nouveau pr\u00e9sents \u00e0 la\u00a0<a href=\"https:\/\/www.visit.swisstech-messe.ch\/de\/?utm_source=Newsletter_April_2019&amp;utm_medium=E%2DMail&amp;utm_term=Swissmechanic%2BPraesident%2BSwisstech&amp;utm_campaign=Newsletter_April_2019\" target=\"_blank\" rel=\"noopener\"><strong>Swisstech \/ Prodex<\/strong>\u00a0<\/a>\u00e0 B\u00e2le, en Suisse. Le plus grand salon de la sous-traitance de Suisse promet d'attirer \u00e0 nouveau de nombreux visiteurs en 2019.<br \/>\nSur le stand commun pour la fabrication additive (EH 1.0 \/ P15), nous souhaitons montrer au plus grand nombre de personnes possible les nouvelles possibilit\u00e9s offertes par l'impression 3D.<br \/>\nVenez vous aussi nous rendre visite et laissez-vous inspirer !<\/p>\n<p><strong><a href=\"https:\/\/www.visit.swisstech-messe.ch\/de\/account\/onboard\/by\/memtec-plus\/user\/de\/no\/no\/ticket-swisstech\/regular-ticket\/ST19-BSFBUE?utm_source=Newsletter_April_2019&amp;utm_medium=E%2DMail&amp;utm_term=Swissmechanic%2BPraesident%2BSwisstech&amp;utm_campaign=Newsletter_April_2019\" target=\"_blank\" rel=\"noopener\">Cliquez ici pour obtenir votre billet d'entr\u00e9e gratuit !<\/a><\/strong><\/p>\n<p><img loading=\"lazy\" decoding=\"async\" class=\"alignnone size-full wp-image-1112\" src=\"http:\/\/bsf-ag.ch\/wp-content\/uploads\/2022\/07\/swisstech_2019_logo.jpeg\" alt=\"\" width=\"503\" height=\"176\" srcset=\"https:\/\/bsf-ag.ch\/wp-content\/uploads\/2022\/07\/swisstech_2019_logo.jpeg 503w, https:\/\/bsf-ag.ch\/wp-content\/uploads\/2022\/07\/swisstech_2019_logo-300x105.jpeg 300w\" sizes=\"auto, (max-width: 503px) 100vw, 503px\" \/><\/p>\n<\/div>","protected":false},"excerpt":{"rendered":"<p>Sehr geehrte Gesch\u00e4ftspartner Letzten Freitag hat die Swissmechanic Sektion St. Gallen &#8211; Appenzell einen neuen Pr\u00e4sidenten gew\u00e4hlt. Kurt Graber, Inhaber und Gesch\u00e4ftsf\u00fchrer der BSF B\u00fcnter AG, hat das Amt angenommen und wird somit in Zukunft noch st\u00e4rker in der Ausbildung von jungen Menschen mitwirken. Denn nur wenn jeder seinen Beitrag leistet, k\u00f6nnen wir gemeinsam etwas [&hellip;]<\/p>\n","protected":false},"author":1,"featured_media":1110,"comment_status":"closed","ping_status":"open","sticky":false,"template":"","format":"image","meta":{"inline_featured_image":false,"footnotes":""},"categories":[1],"tags":[],"class_list":["post-1108","post","type-post","status-publish","format-image","has-post-thumbnail","hentry","category-allgemein","post_format-post-format-image"],"aioseo_notices":[],"_links":{"self":[{"href":"https:\/\/bsf-ag.ch\/fr\/wp-json\/wp\/v2\/posts\/1108","targetHints":{"allow":["GET"]}}],"collection":[{"href":"https:\/\/bsf-ag.ch\/fr\/wp-json\/wp\/v2\/posts"}],"about":[{"href":"https:\/\/bsf-ag.ch\/fr\/wp-json\/wp\/v2\/types\/post"}],"author":[{"embeddable":true,"href":"https:\/\/bsf-ag.ch\/fr\/wp-json\/wp\/v2\/users\/1"}],"replies":[{"embeddable":true,"href":"https:\/\/bsf-ag.ch\/fr\/wp-json\/wp\/v2\/comments?post=1108"}],"version-history":[{"count":4,"href":"https:\/\/bsf-ag.ch\/fr\/wp-json\/wp\/v2\/posts\/1108\/revisions"}],"predecessor-version":[{"id":1478,"href":"https:\/\/bsf-ag.ch\/fr\/wp-json\/wp\/v2\/posts\/1108\/revisions\/1478"}],"wp:featuredmedia":[{"embeddable":true,"href":"https:\/\/bsf-ag.ch\/fr\/wp-json\/wp\/v2\/media\/1110"}],"wp:attachment":[{"href":"https:\/\/bsf-ag.ch\/fr\/wp-json\/wp\/v2\/media?parent=1108"}],"wp:term":[{"taxonomy":"category","embeddable":true,"href":"https:\/\/bsf-ag.ch\/fr\/wp-json\/wp\/v2\/categories?post=1108"},{"taxonomy":"post_tag","embeddable":true,"href":"https:\/\/bsf-ag.ch\/fr\/wp-json\/wp\/v2\/tags?post=1108"}],"curies":[{"name":"wp","href":"https:\/\/api.w.org\/{rel}","templated":true}]}}